[{"@context":"https:\/\/schema.org\/","@type":"Article","@id":"https:\/\/www.opit.sk\/z-rodinneho-domu-urobili-v-budmericiach-malu-rodinnu-usadlost\/#Article","mainEntityOfPage":"https:\/\/www.opit.sk\/z-rodinneho-domu-urobili-v-budmericiach-malu-rodinnu-usadlost\/","headline":"Z rodinn\u00e9ho domu urobili v Budmericiach mal\u00fa rodinn\u00fa usadlos\u0165","name":"Z rodinn\u00e9ho domu urobili v Budmericiach mal\u00fa rodinn\u00fa usadlos\u0165","description":"Pre\u010do je mo\u017en\u00e9 hovori\u0165 o\u00a0usadlosti? Priestor je zlo\u017een\u00fd z\u00a0viacer\u00fdch \u010dast\u00ed, ktor\u00e9 plnia samostatn\u00e9 funkcie. Jednozna\u010dne tu mo\u017eno odl\u00ed\u0161i\u0165 obytn\u00fd priestor od ateli\u00e9ru. Okrem toho tu n\u00e1jdeme samostatn\u00fa gar\u00e1\u017e, z\u00e1hradn\u00fd sklad a\u00a0detsk\u00fd dom\u010dek. Spom\u00ednan\u00e9 bloky sa od seba odli\u0161uj\u00fa nielen vzh\u013eadom a ve\u013ekos\u0165ou, ale aj v\u00fdznamom. Hlavn\u00fd dom m\u00e1 tvar hranolu, ktor\u00fd pokr\u00fdva pultov\u00e1 strecha. Obvodn\u00e9 [&hellip;]","datePublished":"2018-11-03","dateModified":"2018-11-03","author":{"@type":"Person","@id":"https:\/\/www.opit.sk\/author\/#Person","name":"","url":"https:\/\/www.opit.sk\/author\/","identifier":1,"image":{"@type":"ImageObject","@id":"https:\/\/secure.gravatar.com\/avatar\/3c4e99fa9a9806cd5e8fd7cac6ca73ff5bbf5f3ee309e1745415eebd31482909?s=96&d=mm&r=g","url":"https:\/\/secure.gravatar.com\/avatar\/3c4e99fa9a9806cd5e8fd7cac6ca73ff5bbf5f3ee309e1745415eebd31482909?s=96&d=mm&r=g","height":96,"width":96}},"publisher":{"@type":"Organization","name":"opit.sk","logo":{"@type":"ImageObject","@id":"\/logo.png","url":"\/logo.png","width":600,"height":60}},"image":{"@type":"ImageObject","@id":"https:\/\/www.opit.sk\/wp-content\/uploads\/img_a295257_w16579_t1546532102.jpg","url":"https:\/\/www.opit.sk\/wp-content\/uploads\/img_a295257_w16579_t1546532102.jpg","height":0,"width":0},"url":"https:\/\/www.opit.sk\/z-rodinneho-domu-urobili-v-budmericiach-malu-rodinnu-usadlost\/","wordCount":387,"articleBody":"Pre\u010do je mo\u017en\u00e9 hovori\u0165 o\u00a0usadlosti? Priestor je zlo\u017een\u00fd z\u00a0viacer\u00fdch \u010dast\u00ed, ktor\u00e9 plnia samostatn\u00e9 funkcie. Jednozna\u010dne tu mo\u017eno odl\u00ed\u0161i\u0165 obytn\u00fd priestor od ateli\u00e9ru. Okrem toho tu n\u00e1jdeme samostatn\u00fa gar\u00e1\u017e, z\u00e1hradn\u00fd sklad a\u00a0detsk\u00fd dom\u010dek. Spom\u00ednan\u00e9 bloky sa od seba odli\u0161uj\u00fa nielen vzh\u013eadom a ve\u013ekos\u0165ou, ale aj v\u00fdznamom.Hlavn\u00fd dom m\u00e1 tvar hranolu, ktor\u00fd pokr\u00fdva pultov\u00e1 strecha. Obvodn\u00e9 m\u00fary s\u00fa vytvoren\u00e9 z\u00a0teh\u00e1l a\u00a0dreva. V\u00a0tejto budove n\u00e1jdeme sp\u00e1l\u0148u, hygienick\u00e9 zariadenie, komoru, \u010dit\u00e1re\u0148 a\u00a0schodisko.Je mo\u017en\u00e9, \u017ee poh\u013eadom zvonku p\u00f4sob\u00ed obydlie v\u0161edn\u00fdm, ba a\u017e chladn\u00fdm dojmom, ale zdanie \u010dasto klame. Vn\u00fatraj\u0161ok vpl\u00fdva na n\u00e1v\u0161tevn\u00edkom pozit\u00edvne, na \u010dom maj\u00fa z\u00e1sluhu r\u00f4zne vtipn\u00e9 estetick\u00e9 detaily spolu s\u00a0mas\u00edvnym drevom. V\u010faka tomuto m\u00e1te miestami dojem, \u017ee ste vo\u0161li do horskej chaty a\u00a0nie do rodinn\u00e9ho s\u00eddla. Tak\u00e9to dispozi\u010dn\u00e9 rie\u0161enie p\u00f4sob\u00ed dobr\u00fdm dojmom hlavne na najmlad\u0161\u00edch n\u00e1v\u0161tevn\u00edkov.V\u010faka niektor\u00fdm detailom je rodinn\u00e9 s\u00eddlo zariaden\u00e9 inak, ne\u017e sme mnoh\u00ed z\u00a0n\u00e1s zvyknut\u00ed. Ve\u013ek\u00e9 okno umiestnen\u00e9 rovno nad kuchynskou linkou v\u00a0kuchyni m\u00e1 praktick\u00fd v\u00fdznam pri pr\u00edprave jed\u00e1l.Vyu\u017eit\u00edm pr\u00edrodn\u00e9ho svetla pri varen\u00ed sa zni\u017euje spotreba elektrickej energie. In\u00e1 energia vych\u00e1dza aj z\u00a0priestorov v\u00a0ob\u00fdva\u010dke. N\u00e1jdete tu Kachle, rebr\u00edk, sie\u0165ku, hojda\u010dku, obna\u017een\u00fa murovan\u00fa tehlu. Jednotliv\u00e9 budovy komplexu sp\u00e1jaj\u00fa terasy, ktor\u00e9 umo\u017e\u0148uj\u00fa u\u017eito\u010dne tr\u00e1vi\u0165 vo\u013en\u00fd \u010das.Jav, kedy sa z\u00a0rodinn\u00e9ho domu stala rodinn\u00e1 usadlos\u0165 je na Slovensku zriedkav\u00fd. Predmetn\u00fd domov dok\u00e1\u017ee dokonale plni\u0165 v\u0161etky funkcie, ktor\u00e9 maj\u00fa by\u0165 pre rodinn\u00e9 obydlie typick\u00e9. V\u010faka vysokej estetickej \u00farovni si mysl\u00edm, \u017ee by v\u00a0bud\u00facnosti mohol sl\u00fa\u017ei\u0165 aj na rekrea\u010dn\u00e9 \u00fa\u010dely, \u010do by rodine zabezpe\u010dilo ved\u013eaj\u0161\u00ed pr\u00edjem. Povedzte, ko\u013ek\u00ed sa m\u00f4\u017eeme pochv\u00e1li\u0165 podobn\u00fdm \u00faspechom? Nie nadarmo sa hovor\u00ed, ako si kto ustelie, tak aj bude spa\u0165. Nepochybujem o\u00a0tom, \u017ee bytov\u00e9 rie\u0161enie rodiny v\u00a0obci Budmerice sa stane in\u0161pir\u00e1ciou aj pre in\u00fdch architektov.                                                                                                                                                                                                                                                                                                                                                                                                "},{"@context":"https:\/\/schema.org\/","@type":"BreadcrumbList","itemListElement":[{"@type":"ListItem","position":1,"name":"Z rodinn\u00e9ho domu urobili v Budmericiach mal\u00fa rodinn\u00fa usadlos\u0165","item":"https:\/\/www.opit.sk\/z-rodinneho-domu-urobili-v-budmericiach-malu-rodinnu-usadlost\/#breadcrumbitem"}]}]